{"id":219490,"date":"2026-04-27T09:36:49","date_gmt":"2026-04-27T07:36:49","guid":{"rendered":"https:\/\/guide.reassurez-moi.fr\/guide\/?p=219490"},"modified":"2026-04-27T09:36:52","modified_gmt":"2026-04-27T07:36:52","slug":"immobilier-pourquoi-les-loyers-partent-a-la-hausse","status":"publish","type":"post","link":"https:\/\/guide.reassurez-moi.fr\/guide\/actualites\/immobilier-pourquoi-les-loyers-partent-a-la-hausse","title":{"rendered":"Immobilier : pourquoi les loyers partent \u00e0 la hausse\u00a0"},"content":{"rendered":"\n<p>L\u2019offre locative montre quelques signes d\u2019am\u00e9lioration mais ne permet pas d\u2019enrayer la spirale de hausse des loyers, avec de fortes disparit\u00e9s selon les villes.<\/p>\n\n\n\n<p>Au printemps 2026, le march\u00e9 locatif fran\u00e7ais donne l\u2019impression de se stabiliser\u2026 mais les chiffres racontent une autre histoire. D\u2019apr\u00e8s le dernier barom\u00e8tre publi\u00e9 le 20 avril par SeLoger, les loyers repartent \u00e0 la hausse, progressant de 2,5 % sur un an. Une \u00e9volution d\u2019autant plus notable qu\u2019elle d\u00e9passe l\u2019inflation, estim\u00e9e \u00e0 +1,9 % en mars 2026. Autrement dit, se loger co\u00fbte \u00e0 nouveau plus cher, et plus vite que le reste du panier de consommation.<\/p>\n\n\n\n<p>Cette dynamique intervient pourtant dans un contexte paradoxal. La demande locative recule sur un an (-16 %), mais demeure 42% sup\u00e9rieure \u00e0 son niveau d\u2019il y a 5 ans. En face, l\u2019offre s\u2019am\u00e9liore l\u00e9g\u00e8rement, avec une hausse du stock de biens disponibles de 17 % sur un an. Mais ce rebond reste insuffisant pour d\u00e9tendre r\u00e9ellement le march\u00e9. \u201c<em>La tension sur le march\u00e9 locatif reste \u00e9lev\u00e9e. Malgr\u00e9 un recul de la demande, les niveaux demeurent tr\u00e8s au-dessus de ceux d&rsquo;avant 2022, et le stock de biens disponibles reste structurellement faible. Les hausses de loyers que nous observons en sont la r\u00e9sultante directe<\/em>\u201d, analyse Alexandra Verlhiac, \u00e9conomiste chez SeLoger<\/p>\n\n\n\n<h2 class=\"wp-block-heading\">L\u2019anomalie parisienne<\/h2>\n\n\n\n<p>Cette tension se refl\u00e8te particuli\u00e8rement dans les grandes villes. \u00c0 Paris, la situation se d\u00e9grade davantage. Les loyers y progressent de 3,5 % sur un an, soit plus rapidement que la moyenne nationale. Dans le m\u00eame temps, le stock de biens disponibles recule encore de 15 % sur un an et\u2026 67% depuis 2021, signe que la capitale reste un march\u00e9 extr\u00eamement contraint. <em>\u201cLa tension reste plus forte qu\u2019au niveau national\u201d<\/em>, note SeLoger.<\/p>\n\n\n\n<p>En r\u00e9gion, la situation appara\u00eet plus contrast\u00e9e. Certaines grandes m\u00e9tropoles b\u00e9n\u00e9ficient d\u2019un l\u00e9ger regain d\u2019offre, ce qui contribue \u00e0 limiter la hausse des loyers. C\u2019est le cas \u00e0 Bordeaux, ville o\u00f9 les loyers ne progressent que de 1% sur un an et 5,1% en 5 ans. \u00c0 Nantes, le stock de logement d\u00e9passe de +82 % son niveau de 2021.<\/p>\n\n\n\n<h2 class=\"wp-block-heading\">Des prix du simple au double<\/h2>\n\n\n\n<p>A l\u2019inverse,<em> \u201cle cas de Toulouse est particuli\u00e8rement repr\u00e9sentatif\u201d<\/em> insiste SeLoger. La quantit\u00e9 de logements disponibles a \u00e9t\u00e9 divis\u00e9e par deux en 5 ans, alors que la demande a <em>\u201cplus que doubl\u00e9 sur la m\u00eame p\u00e9riode\u201d<\/em>. A Nice, les loyers flambent de 5,4% sur un an, faute de logements disponibles. \u00c0 Marseille, le <em>\u201cstock disponible\u201d <\/em>a d\u00e9gringol\u00e9 de -48 % depuis 2021 entra\u00eenant une hausse des loyers de 3,9 % en un an.<\/p>\n\n\n\n<p>Comment ces chiffres g\u00e9n\u00e9raux se traduisent-ils ? Au 1er avril 2026, sur la base d&rsquo;un deux-pi\u00e8ces de 50 m\u00e8tres carr\u00e9s, la moyenne des loyers se situe \u00e0 858 euros par mois hors charges, soit 17,16 euros par m\u00e8tre carr\u00e9. A Paris, les prix doublent \u00e0 1 662 euros par mois (33,24 euros par m\u00e8tre carr\u00e9). A noter que plus le logement est petit, plus le prix au m\u00e8tre carr\u00e9 est \u00e9lev\u00e9. Un quatre-pi\u00e8ce sera proportionnellement deux fois moins chers (12 euros par m\u00e8tre carr\u00e9) qu\u2019un T1 (24 euros).<\/p>\n","protected":false},"excerpt":{"rendered":"<p>L\u2019offre locative montre quelques signes d\u2019am\u00e9lioration mais ne permet pas d\u2019enrayer la spirale de hausse des loyers, avec de fortes disparit\u00e9s selon les villes. Au printemps 2026, le march\u00e9 locatif fran\u00e7ais donne l\u2019impression de se stabiliser\u2026 mais les chiffres racontent une autre histoire. D\u2019apr\u00e8s le dernier barom\u00e8tre publi\u00e9 le 20 avril par SeLoger, les loyers\u2026<\/p>\n","protected":false},"author":81,"featured_media":219491,"comment_status":"open","ping_status":"open","sticky":false,"template":"","format":"standard","meta":{"_acf_changed":false,"footnotes":""},"categories":[43],"tags":[788],"class_list":["post-219490","post","type-post","status-publish","format-standard","has-post-thumbnail","hentry","category-actualites","tag-immobilier"],"yoast_head":"<!-- This site is optimized with the Yoast SEO plugin v24.7 - https:\/\/yoast.com\/wordpress\/plugins\/seo\/ -->\n<title>Immobilier : pourquoi les loyers partent \u00e0 la hausse\u00a0<\/title>\n<meta name=\"description\" content=\"Loyers en hausse de 2,5 % sur un an, stock toujours insuffisant : le march\u00e9 locatif fran\u00e7ais reste sous tension au printemps 2026.\" \/>\n<meta name=\"robots\" content=\"index, follow, max-snippet:-1, max-image-preview:large, max-video-preview:-1\" \/>\n<link rel=\"canonical\" href=\"https:\/\/guide.reassurez-moi.fr\/guide\/actualites\/immobilier-pourquoi-les-loyers-partent-a-la-hausse\" \/>\n<meta property=\"og:locale\" content=\"fr_FR\" \/>\n<meta property=\"og:type\" content=\"article\" \/>\n<meta property=\"og:title\" content=\"Immobilier : pourquoi les loyers partent \u00e0 la hausse\u00a0\" \/>\n<meta property=\"og:description\" content=\"Loyers en hausse de 2,5 % sur un an, stock toujours insuffisant : le march\u00e9 locatif fran\u00e7ais reste sous tension au printemps 2026.\" \/>\n<meta property=\"og:url\" content=\"https:\/\/guide.reassurez-moi.fr\/guide\/actualites\/immobilier-pourquoi-les-loyers-partent-a-la-hausse\" \/>\n<meta property=\"og:site_name\" content=\"R\u00e9assurez-moi\" \/>\n<meta property=\"article:publisher\" content=\"https:\/\/www.facebook.com\/R%c3%a9assurez-moi-209456495889479\/\" \/>\n<meta property=\"article:published_time\" content=\"2026-04-27T07:36:49+00:00\" \/>\n<meta property=\"article:modified_time\" content=\"2026-04-27T07:36:52+00:00\" \/>\n<meta property=\"og:image\" content=\"https:\/\/guide.reassurez-moi.fr\/guide\/wp-content\/uploads\/2026\/04\/ChatGPT-Image-27-avr.-2026-09_33_18.png\" \/>\n\t<meta property=\"og:image:width\" content=\"1536\" \/>\n\t<meta property=\"og:image:height\" content=\"1024\" \/>\n\t<meta property=\"og:image:type\" content=\"image\/png\" \/>\n<meta name=\"author\" content=\"Alexandre Loukil\" \/>\n<meta name=\"twitter:card\" content=\"summary_large_image\" \/>\n<meta name=\"twitter:creator\" content=\"@reassurezmoi\" \/>\n<meta name=\"twitter:site\" content=\"@reassurezmoi\" \/>\n<meta name=\"twitter:label1\" content=\"\u00c9crit par\" \/>\n\t<meta name=\"twitter:data1\" content=\"Alexandre Loukil\" \/>\n\t<meta name=\"twitter:label2\" content=\"Dur\u00e9e de lecture estim\u00e9e\" \/>\n\t<meta name=\"twitter:data2\" content=\"3 minutes\" \/>\n<script type=\"application\/ld+json\" class=\"yoast-schema-graph\">{\"@context\":\"https:\/\/schema.org\",\"@graph\":[{\"@type\":\"WebPage\",\"@id\":\"https:\/\/guide.reassurez-moi.fr\/guide\/actualites\/immobilier-pourquoi-les-loyers-partent-a-la-hausse\",\"url\":\"https:\/\/guide.reassurez-moi.fr\/guide\/actualites\/immobilier-pourquoi-les-loyers-partent-a-la-hausse\",\"name\":\"Immobilier : pourquoi les loyers partent \u00e0 la hausse\u00a0\",\"isPartOf\":{\"@id\":\"https:\/\/guide.reassurez-moi.fr\/guide\/#website\"},\"primaryImageOfPage\":{\"@id\":\"https:\/\/guide.reassurez-moi.fr\/guide\/actualites\/immobilier-pourquoi-les-loyers-partent-a-la-hausse#primaryimage\"},\"image\":{\"@id\":\"https:\/\/guide.reassurez-moi.fr\/guide\/actualites\/immobilier-pourquoi-les-loyers-partent-a-la-hausse#primaryimage\"},\"thumbnailUrl\":\"https:\/\/guide.reassurez-moi.fr\/guide\/wp-content\/uploads\/2026\/04\/ChatGPT-Image-27-avr.-2026-09_33_18.png\",\"datePublished\":\"2026-04-27T07:36:49+00:00\",\"dateModified\":\"2026-04-27T07:36:52+00:00\",\"author\":{\"@id\":\"https:\/\/guide.reassurez-moi.fr\/guide\/#\/schema\/person\/6df3ac7e9ab33d0d198dd373ce3074e6\"},\"description\":\"Loyers en hausse de 2,5 % sur un an, stock toujours insuffisant : le march\u00e9 locatif fran\u00e7ais reste sous tension au printemps 2026.\",\"breadcrumb\":{\"@id\":\"https:\/\/guide.reassurez-moi.fr\/guide\/actualites\/immobilier-pourquoi-les-loyers-partent-a-la-hausse#breadcrumb\"},\"inLanguage\":\"fr-FR\",\"potentialAction\":[{\"@type\":\"ReadAction\",\"target\":[\"https:\/\/guide.reassurez-moi.fr\/guide\/actualites\/immobilier-pourquoi-les-loyers-partent-a-la-hausse\"]}]},{\"@type\":\"ImageObject\",\"inLanguage\":\"fr-FR\",\"@id\":\"https:\/\/guide.reassurez-moi.fr\/guide\/actualites\/immobilier-pourquoi-les-loyers-partent-a-la-hausse#primaryimage\",\"url\":\"https:\/\/guide.reassurez-moi.fr\/guide\/wp-content\/uploads\/2026\/04\/ChatGPT-Image-27-avr.-2026-09_33_18.png\",\"contentUrl\":\"https:\/\/guide.reassurez-moi.fr\/guide\/wp-content\/uploads\/2026\/04\/ChatGPT-Image-27-avr.-2026-09_33_18.png\",\"width\":1536,\"height\":1024},{\"@type\":\"BreadcrumbList\",\"@id\":\"https:\/\/guide.reassurez-moi.fr\/guide\/actualites\/immobilier-pourquoi-les-loyers-partent-a-la-hausse#breadcrumb\",\"itemListElement\":[{\"@type\":\"ListItem\",\"position\":1,\"name\":\"Assurances\",\"item\":\"https:\/\/guide.reassurez-moi.fr\/guide\/\"},{\"@type\":\"ListItem\",\"position\":2,\"name\":\"Actualit\u00e9s\",\"item\":\"https:\/\/guide.reassurez-moi.fr\/guide\/actualites\"},{\"@type\":\"ListItem\",\"position\":3,\"name\":\"Immobilier : pourquoi les loyers partent \u00e0 la hausse\u00a0\"}]},{\"@type\":\"WebSite\",\"@id\":\"https:\/\/guide.reassurez-moi.fr\/guide\/#website\",\"url\":\"https:\/\/guide.reassurez-moi.fr\/guide\/\",\"name\":\"R\u00e9assurez-moi\",\"description\":\"Comparateur d&#039;assurances\",\"potentialAction\":[{\"@type\":\"SearchAction\",\"target\":{\"@type\":\"EntryPoint\",\"urlTemplate\":\"https:\/\/guide.reassurez-moi.fr\/guide\/?s={search_term_string}\"},\"query-input\":{\"@type\":\"PropertyValueSpecification\",\"valueRequired\":true,\"valueName\":\"search_term_string\"}}],\"inLanguage\":\"fr-FR\"},{\"@type\":\"Person\",\"@id\":\"https:\/\/guide.reassurez-moi.fr\/guide\/#\/schema\/person\/6df3ac7e9ab33d0d198dd373ce3074e6\",\"name\":\"Alexandre Loukil\",\"description\":\"Dipl\u00f4m\u00e9 de l\u2019ESJ Paris et du CFPJ, Alexandre Loukil est journaliste sp\u00e9cialis\u00e9 dans les questions \u00e9conomiques. Apr\u00e8s avoir travaill\u00e9 pour Capital, il est devenu journaliste ind\u00e9pendant pour le compte du Monde, de La Tribune, de 60 Millions de consommateurs, Que Choisir et R\u00e9assurez-moi. Il suit notamment les th\u00e9matiques de l\u2019immobilier, des finances personnelles, de l\u2019\u00e9nergie, de la banque et de l\u2019assurance.\",\"sameAs\":[\"https:\/\/fr.linkedin.com\/in\/alexandre-loukil-8b8b4583\",\"Journaliste ind\u00e9pendant, assurances et banques\"]}]}<\/script>\n<!-- \/ Yoast SEO plugin. -->","yoast_head_json":{"title":"Immobilier : pourquoi les loyers partent \u00e0 la hausse\u00a0","description":"Loyers en hausse de 2,5 % sur un an, stock toujours insuffisant : le march\u00e9 locatif fran\u00e7ais reste sous tension au printemps 2026.","robots":{"index":"index","follow":"follow","max-snippet":"max-snippet:-1","max-image-preview":"max-image-preview:large","max-video-preview":"max-video-preview:-1"},"canonical":"https:\/\/guide.reassurez-moi.fr\/guide\/actualites\/immobilier-pourquoi-les-loyers-partent-a-la-hausse","og_locale":"fr_FR","og_type":"article","og_title":"Immobilier : pourquoi les loyers partent \u00e0 la hausse\u00a0","og_description":"Loyers en hausse de 2,5 % sur un an, stock toujours insuffisant : le march\u00e9 locatif fran\u00e7ais reste sous tension au printemps 2026.","og_url":"https:\/\/guide.reassurez-moi.fr\/guide\/actualites\/immobilier-pourquoi-les-loyers-partent-a-la-hausse","og_site_name":"R\u00e9assurez-moi","article_publisher":"https:\/\/www.facebook.com\/R%c3%a9assurez-moi-209456495889479\/","article_published_time":"2026-04-27T07:36:49+00:00","article_modified_time":"2026-04-27T07:36:52+00:00","og_image":[{"width":1536,"height":1024,"url":"https:\/\/guide.reassurez-moi.fr\/guide\/wp-content\/uploads\/2026\/04\/ChatGPT-Image-27-avr.-2026-09_33_18.png","type":"image\/png"}],"author":"Alexandre Loukil","twitter_card":"summary_large_image","twitter_creator":"@reassurezmoi","twitter_site":"@reassurezmoi","twitter_misc":{"\u00c9crit par":"Alexandre Loukil","Dur\u00e9e de lecture estim\u00e9e":"3 minutes"},"schema":{"@context":"https:\/\/schema.org","@graph":[{"@type":"WebPage","@id":"https:\/\/guide.reassurez-moi.fr\/guide\/actualites\/immobilier-pourquoi-les-loyers-partent-a-la-hausse","url":"https:\/\/guide.reassurez-moi.fr\/guide\/actualites\/immobilier-pourquoi-les-loyers-partent-a-la-hausse","name":"Immobilier : pourquoi les loyers partent \u00e0 la hausse\u00a0","isPartOf":{"@id":"https:\/\/guide.reassurez-moi.fr\/guide\/#website"},"primaryImageOfPage":{"@id":"https:\/\/guide.reassurez-moi.fr\/guide\/actualites\/immobilier-pourquoi-les-loyers-partent-a-la-hausse#primaryimage"},"image":{"@id":"https:\/\/guide.reassurez-moi.fr\/guide\/actualites\/immobilier-pourquoi-les-loyers-partent-a-la-hausse#primaryimage"},"thumbnailUrl":"https:\/\/guide.reassurez-moi.fr\/guide\/wp-content\/uploads\/2026\/04\/ChatGPT-Image-27-avr.-2026-09_33_18.png","datePublished":"2026-04-27T07:36:49+00:00","dateModified":"2026-04-27T07:36:52+00:00","author":{"@id":"https:\/\/guide.reassurez-moi.fr\/guide\/#\/schema\/person\/6df3ac7e9ab33d0d198dd373ce3074e6"},"description":"Loyers en hausse de 2,5 % sur un an, stock toujours insuffisant : le march\u00e9 locatif fran\u00e7ais reste sous tension au printemps 2026.","breadcrumb":{"@id":"https:\/\/guide.reassurez-moi.fr\/guide\/actualites\/immobilier-pourquoi-les-loyers-partent-a-la-hausse#breadcrumb"},"inLanguage":"fr-FR","potentialAction":[{"@type":"ReadAction","target":["https:\/\/guide.reassurez-moi.fr\/guide\/actualites\/immobilier-pourquoi-les-loyers-partent-a-la-hausse"]}]},{"@type":"ImageObject","inLanguage":"fr-FR","@id":"https:\/\/guide.reassurez-moi.fr\/guide\/actualites\/immobilier-pourquoi-les-loyers-partent-a-la-hausse#primaryimage","url":"https:\/\/guide.reassurez-moi.fr\/guide\/wp-content\/uploads\/2026\/04\/ChatGPT-Image-27-avr.-2026-09_33_18.png","contentUrl":"https:\/\/guide.reassurez-moi.fr\/guide\/wp-content\/uploads\/2026\/04\/ChatGPT-Image-27-avr.-2026-09_33_18.png","width":1536,"height":1024},{"@type":"BreadcrumbList","@id":"https:\/\/guide.reassurez-moi.fr\/guide\/actualites\/immobilier-pourquoi-les-loyers-partent-a-la-hausse#breadcrumb","itemListElement":[{"@type":"ListItem","position":1,"name":"Assurances","item":"https:\/\/guide.reassurez-moi.fr\/guide\/"},{"@type":"ListItem","position":2,"name":"Actualit\u00e9s","item":"https:\/\/guide.reassurez-moi.fr\/guide\/actualites"},{"@type":"ListItem","position":3,"name":"Immobilier : pourquoi les loyers partent \u00e0 la hausse\u00a0"}]},{"@type":"WebSite","@id":"https:\/\/guide.reassurez-moi.fr\/guide\/#website","url":"https:\/\/guide.reassurez-moi.fr\/guide\/","name":"R\u00e9assurez-moi","description":"Comparateur d&#039;assurances","potentialAction":[{"@type":"SearchAction","target":{"@type":"EntryPoint","urlTemplate":"https:\/\/guide.reassurez-moi.fr\/guide\/?s={search_term_string}"},"query-input":{"@type":"PropertyValueSpecification","valueRequired":true,"valueName":"search_term_string"}}],"inLanguage":"fr-FR"},{"@type":"Person","@id":"https:\/\/guide.reassurez-moi.fr\/guide\/#\/schema\/person\/6df3ac7e9ab33d0d198dd373ce3074e6","name":"Alexandre Loukil","description":"Dipl\u00f4m\u00e9 de l\u2019ESJ Paris et du CFPJ, Alexandre Loukil est journaliste sp\u00e9cialis\u00e9 dans les questions \u00e9conomiques. Apr\u00e8s avoir travaill\u00e9 pour Capital, il est devenu journaliste ind\u00e9pendant pour le compte du Monde, de La Tribune, de 60 Millions de consommateurs, Que Choisir et R\u00e9assurez-moi. Il suit notamment les th\u00e9matiques de l\u2019immobilier, des finances personnelles, de l\u2019\u00e9nergie, de la banque et de l\u2019assurance.","sameAs":["https:\/\/fr.linkedin.com\/in\/alexandre-loukil-8b8b4583","Journaliste ind\u00e9pendant, assurances et banques"]}]}},"acf":[],"_links":{"self":[{"href":"https:\/\/guide.reassurez-moi.fr\/guide\/wp-json\/wp\/v2\/posts\/219490","targetHints":{"allow":["GET"]}}],"collection":[{"href":"https:\/\/guide.reassurez-moi.fr\/guide\/wp-json\/wp\/v2\/posts"}],"about":[{"href":"https:\/\/guide.reassurez-moi.fr\/guide\/wp-json\/wp\/v2\/types\/post"}],"author":[{"embeddable":true,"href":"https:\/\/guide.reassurez-moi.fr\/guide\/wp-json\/wp\/v2\/users\/81"}],"replies":[{"embeddable":true,"href":"https:\/\/guide.reassurez-moi.fr\/guide\/wp-json\/wp\/v2\/comments?post=219490"}],"version-history":[{"count":1,"href":"https:\/\/guide.reassurez-moi.fr\/guide\/wp-json\/wp\/v2\/posts\/219490\/revisions"}],"predecessor-version":[{"id":219492,"href":"https:\/\/guide.reassurez-moi.fr\/guide\/wp-json\/wp\/v2\/posts\/219490\/revisions\/219492"}],"wp:featuredmedia":[{"embeddable":true,"href":"https:\/\/guide.reassurez-moi.fr\/guide\/wp-json\/wp\/v2\/media\/219491"}],"wp:attachment":[{"href":"https:\/\/guide.reassurez-moi.fr\/guide\/wp-json\/wp\/v2\/media?parent=219490"}],"wp:term":[{"taxonomy":"category","embeddable":true,"href":"https:\/\/guide.reassurez-moi.fr\/guide\/wp-json\/wp\/v2\/categories?post=219490"},{"taxonomy":"post_tag","embeddable":true,"href":"https:\/\/guide.reassurez-moi.fr\/guide\/wp-json\/wp\/v2\/tags?post=219490"}],"curies":[{"name":"wp","href":"https:\/\/api.w.org\/{rel}","templated":true}]}}